{"id":7407,"date":"2022-12-07T00:59:35","date_gmt":"2022-12-06T23:59:35","guid":{"rendered":"https:\/\/streetware-saved-item.net\/?p=7407"},"modified":"2022-12-09T13:39:59","modified_gmt":"2022-12-09T12:39:59","slug":"lumpen-peep-o-rama","status":"publish","type":"post","link":"https:\/\/streetware-saved-item.net\/en\/2022\/12\/07\/lumpen-peep-o-rama\/","title":{"rendered":"Rag-Peep-O-Rama"},"content":{"rendered":"<p>[et_pb_section fb_built=&#8220;1&#8243; _builder_version=&#8220;4.3.4&#8243; background_color=&#8220;#edf000&#8243; min_height=&#8220;3101px&#8220; custom_margin=&#8220;|-12px||||&#8220; custom_padding=&#8220;||380px|||&#8220; da_disable_devices=&#8220;off|off|off&#8220; da_is_popup=&#8220;off&#8220; da_exit_intent=&#8220;off&#8220; da_has_close=&#8220;on&#8220; da_alt_close=&#8220;off&#8220; da_dark_close=&#8220;off&#8220; da_not_modal=&#8220;on&#8220; da_is_singular=&#8220;off&#8220; da_with_loader=&#8220;off&#8220; da_has_shadow=&#8220;on&#8220;][et_pb_row _builder_version=&#8220;4.3.4&#8243;][et_pb_column type=&#8220;4_4&#8243; _builder_version=&#8220;4.3.4&#8243;][et_pb_divider divider_weight=&#8220;1px&#8220; _builder_version=&#8220;4.3.4&#8243;][\/et_pb_divider][et_pb_post_title meta=&#8220;off&#8220; featured_image=&#8220;off&#8220; _builder_version=&#8220;4.3.4&#8243;][\/et_pb_post_title][et_pb_gallery gallery_ids=&#8220;7413,7414,7471,7472,7473,7474,7477,7475,7476&#8243; fullwidth=&#8220;on&#8220; _builder_version=&#8220;4.3.4&#8243; auto=&#8220;on&#8220; auto_speed=&#8220;5000&#8243;][\/et_pb_gallery][et_pb_text _builder_version=&#8220;4.3.4&#8243;]<\/p>\n<p style=\"text-align: center;\">Performance in den Fenstern der Galerie Nord\/ Kunstverein Tiergarten am 1.12.2022 (c)Joachim Gern &amp; Paolo Gallo<\/p>\n<p>[\/et_pb_text][et_pb_text _builder_version=&#8220;4.3.4&#8243; header_2_line_height=&#8220;1.5em&#8220; min_height=&#8220;89px&#8220;]<\/p>\n<h2 style=\"text-align: center;\">I\u2019M ONLY HUMAN AFTER ALL<\/h2>\n<h2 style=\"text-align: center;\">I\u2019M ONLY HUMAN AFTER ALL<\/h2>\n<h2 style=\"text-align: center;\">DON\u2019T PUT YOUR BLAME ON ME,<\/h2>\n<h2 style=\"text-align: center;\">DON\u2019T PUT YOUR BLAME ON ME<\/h2>\n<h2><\/h2>\n<p style=\"text-align: right;\">Rag &#8217;n&#8216; Bone man<\/p>\n<p>[\/et_pb_text][\/et_pb_column][\/et_pb_row][et_pb_row _builder_version=&#8220;4.3.4&#8243;][et_pb_column type=&#8220;4_4&#8243; _builder_version=&#8220;4.3.4&#8243;][et_pb_gallery gallery_ids=&#8220;7491,7497,7523,7489,7531,7490,7486,7488,7496,7526,7494,7528&#8243; fullwidth=&#8220;on&#8220; _builder_version=&#8220;4.3.4&#8243; auto=&#8220;on&#8220; auto_speed=&#8220;5000&#8243;][\/et_pb_gallery][\/et_pb_column][\/et_pb_row][et_pb_row _builder_version=&#8220;4.3.4&#8243;][et_pb_column type=&#8220;4_4&#8243; _builder_version=&#8220;4.3.4&#8243;][et_pb_text _builder_version=&#8220;4.3.4&#8243;]<\/p>\n<h3>my body my choice \u2013 der Freiheitskampf von Lumpen und Gesindel<\/h3>\n<p>Welche Bedeutung hat Kleidung wenn\u2019s ums nackte \u00dcberleben geht? Wenn vestiment\u00e4re Codes zum existenziellen Bekenntnis werden und wenn mit der Verweigerung, einer bestimmten Kleiderordnung folgen zu leisten, das Leben an einem Haar h\u00e4ngt?\u00a0<span style=\"font-size: 15px;\">Welcher Ethik folgt der Milit\u00e4ry-Chic und wes Gesinnung kaschiert die Camouflage?\u00a0<\/span><span style=\"font-size: 15px;\">Was verleiht dem st\u00e4hlernen K\u00f6rper in einer Uniorm, die die Bereitschaft zum T\u00f6ten signalisiert, Sex-Appeal und welche Botschaft sendet eine First Lady vom Cover der Vogue?<\/span><\/p>\n<p><span style=\"font-size: 15px;\"><\/span><\/p>\n<h3>Wo:men. Life. Freedom<\/h3>\n<p>[\/et_pb_text][et_pb_gallery gallery_ids=&#8220;7553,7536,7537,7558,7535,7557,7538,7539,7603,7560,7540,7543,7541,7544,7542,7545,7546,7547,7548,7549,7550,7554,7551,7555,7552,7556,7559,7561,7562,7565,7566&#8243; fullwidth=&#8220;on&#8220; _builder_version=&#8220;4.3.4&#8243; auto=&#8220;on&#8220; auto_speed=&#8220;5000&#8243;][\/et_pb_gallery][et_pb_text _builder_version=&#8220;4.3.4&#8243;]<\/p>\n<p>Performer:innen von STREETWARE haben sich mit ihren K\u00f6rpern, den eigenen und fremden Vorstellungen davon auseinandergesetzt, stellten uniformierte \u00c4sthetiken zur Debatte\u00a0 und verwandelten die Fenstern der Galerie Nord in einen entgrenzen Raum: Schaut uns an! Alice, barbara, Flora, Jan,\u00a0 KDindie, Lotti, Nazanin und\u00a0 Oksana haben ihre K\u00f6rper Publikum und Passant:innen\u00a0 dargeboten, sich verh\u00fcllt und entbl\u00e4ttert, ihre K\u00f6rperlichkeit verformt und ihr Antlitz verzerrt. Sie haben ihr perfektes Imperfekt formuliert und mit dem bad-bitch Image geflirtet, dem K\u00f6rperkult gefr\u00f6nt und sich gegenseitig die Achselhaare geb\u00fcrstet. Pobacken links und rechts vom Tangastring forderten den Blick heraus und luden zum visuellen Spaziergang \u00fcber K\u00f6rperlandschaften ein: Tu mir [nicht] weh!<br \/> I am only human after all, don&#8217;t put your blame on me!<\/p>\n<p>[\/et_pb_text][et_pb_gallery gallery_ids=&#8220;7571,7572,7574,7575,7576,7577,7578,7579,7580,7591,7592,7593,7594,7583,7584,7595,7596,7598,7585,7582,7581,7587&#8243; fullwidth=&#8220;on&#8220; _builder_version=&#8220;4.3.4&#8243; auto=&#8220;on&#8220; auto_speed=&#8220;5000&#8243;][\/et_pb_gallery][\/et_pb_column][\/et_pb_row][et_pb_row column_structure=&#8220;1_2,1_2&#8243; _builder_version=&#8220;4.3.4&#8243;][et_pb_column type=&#8220;1_2&#8243; _builder_version=&#8220;4.3.4&#8243;][et_pb_text _builder_version=&#8220;4.3.4&#8243;]<\/p>\n<h2>Peep O Rama<\/h2>\n<p>von\u00a0<a href=\"https:\/\/www.boris-steinberg.de\/\"><\/a><a href=\"https:\/\/www.boris-steinberg.de\/\">Boris Steinberg<\/a>\u00a02022<\/p>\n<p>Am Ende des Kaleidoskops<br \/> zeigt sich<br \/> die Peep Show des Lebens<br \/> Essenz unseres Seins<br \/> im Labyrinth ohne Ende<br \/> Mosaike und Farben<br \/> Gesichter und H\u00e4nde<br \/> Hereinspaziert, Hereinspaziert !<br \/> Eintritt ist Frei !<br \/> Schaufensterartikel<br \/> die Peep Show beginnt<br \/> Komm, sei dabei\u2026!<\/p>\n<p>Peep-o-Rama<\/p>\n<p>Feind k\u00fcsst Feind<br \/> Krieg umarmt Frieden<br \/> Liebe k\u00fcsst Hass<br \/> und Dass<br \/> was bisher vermieden<br \/> wird unumg\u00e4nglich<br \/> nun sein\u2026<\/p>\n<p>Gesindel tanzt<br \/> in Haute Couture<br \/> High Fashion<br \/> mutiert zu Lumpen<br \/> L\u00f6cher und Strass<br \/> tr\u00e4gt jedes Gewand<br \/> Risse und Wunden<br \/> tr\u00e4gt jedes Kleid<br \/> Und alle Sinne bereit<br \/> am Puls der Zeit<\/p>\n<p>[\/et_pb_text][\/et_pb_column][et_pb_column type=&#8220;1_2&#8243; _builder_version=&#8220;4.3.4&#8243;][et_pb_image src=&#8220;https:\/\/streetware-saved-item.net\/wp-content\/uploads\/2022\/12\/Lumpen-Peep-O-RamacJoachimGern1543.jpg&#8220; show_in_lightbox=&#8220;on&#8220; _builder_version=&#8220;4.3.4&#8243;][\/et_pb_image][et_pb_text _builder_version=&#8220;4.3.4&#8243;]<\/p>\n<p>Peep &#8211; O- Rama<\/p>\n<p>Es ist f\u00fcr mich<br \/> Es ist f\u00fcr dich<br \/> Es ist f\u00fcr Uns<\/p>\n<p>[\/et_pb_text][\/et_pb_column][\/et_pb_row][et_pb_row _builder_version=&#8220;4.3.4&#8243;][et_pb_column type=&#8220;4_4&#8243; _builder_version=&#8220;4.3.4&#8243;][et_pb_text _builder_version=&#8220;4.3.4&#8243; header_4_line_height=&#8220;1.5em&#8220;]<\/p>\n<h2>Es peepten:<\/h2>\n<p><span style=\"font-size: medium;\">Flora Carmim | barbara caveng |\u00a0Alice Fassina | \u00a0Kdindie | Jan Markowsky | Oksana Moskovchenko | Lotti Seebeck | Nazanin Shamloo | leider erkrankt: Boris Steinberg<\/span><\/p>\n<p><span style=\"font-size: medium;\">Fotos: Paolo Gallo &amp; Joachim Gern<br \/> Technik: Stephan Kolb und Mitarbeiter:innen der Galerie<br \/> Idee\u00a0<\/span><span style=\"font-size: medium;\"><span>und Probenleitung: barbara caveng<br \/> Organisation und Managment: Alice Fassina<\/span><\/span><\/p>\n<p>[\/et_pb_text][\/et_pb_column][\/et_pb_row][et_pb_row column_structure=&#8220;1_2,1_2&#8243; _builder_version=&#8220;4.3.4&#8243; min_height=&#8220;318px&#8220;][et_pb_column type=&#8220;1_2&#8243; _builder_version=&#8220;4.3.4&#8243;][et_pb_text _builder_version=&#8220;4.3.4&#8243;]<\/p>\n<h2>Flora Carmim<\/h2>\n<p>ist sprachs\u00fcchtig. Deutsch hat sie unter anderen sogar studiert, Bassgitarre war das erste Teenager-Instrument, danach kamen Gitarre, Cavaquinho \u2013 aber Stimme besetzt den Lieblingsplatz in ihrem Herzen. Drag-Performance ist, wie sie am liebsten auf den Stra\u00dfen und \u00f6ffentlichen B\u00fchnen wirkt.[\/et_pb_text][\/et_pb_column][et_pb_column type=&#8220;1_2&#8243; _builder_version=&#8220;4.3.4&#8243;][et_pb_image src=&#8220;https:\/\/streetware-saved-item.net\/wp-content\/uploads\/2022\/12\/Lumpen-Peep-O-RamacJoachimGern1920.jpg&#8220; show_in_lightbox=&#8220;on&#8220; _builder_version=&#8220;4.3.4&#8243;][\/et_pb_image][\/et_pb_column][\/et_pb_row][et_pb_row column_structure=&#8220;1_2,1_2&#8243; _builder_version=&#8220;4.3.4&#8243; min_height=&#8220;318px&#8220;][et_pb_column type=&#8220;1_2&#8243; _builder_version=&#8220;4.3.4&#8243;][et_pb_image src=&#8220;https:\/\/streetware-saved-item.net\/wp-content\/uploads\/2022\/12\/Lumpen-Peep-O-RamacJoachimGern1723.jpg&#8220; _builder_version=&#8220;4.3.4&#8243;][\/et_pb_image][\/et_pb_column][et_pb_column type=&#8220;1_2&#8243; _builder_version=&#8220;4.3.4&#8243;][et_pb_text _builder_version=&#8220;4.3.4&#8243;]<\/p>\n<h2>barbara caveng<\/h2>\n<p>ist eine international arbeitende interdisziplin\u00e4re K\u00fcnstlerin mit Schwerpunkten in der k\u00fcnstlerischen Praxis des dreidimensionalen Gestaltens, partizipativer Kunst, Interventionen und Performances.<\/p>\n<p>&nbsp;[\/et_pb_text][\/et_pb_column][\/et_pb_row][et_pb_row column_structure=&#8220;1_2,1_2&#8243; _builder_version=&#8220;4.3.4&#8243;][et_pb_column type=&#8220;1_2&#8243; _builder_version=&#8220;4.3.4&#8243;][et_pb_text _builder_version=&#8220;4.3.4&#8243; custom_padding=&#8220;||0px|||&#8220;]<\/p>\n<h2>Alice Fassina<\/h2>\n<p>ist Beobachterin, Japanologin und Kost\u00fcmbildnerin, deren k\u00fcnstlerischer Ansatz und deren Arbeitsprozessen auf Nachhaltigkeit und Circular Economy beruhen. Ihr Fachwissen \u00fcber die Alternativen zur Fast Fashion vermittelt sie Fashion vermittelt sie als Guide, Dozentin und Workshopleiterin in vielf\u00e4ltige Kooperation u.a. mit Circular Berlin, Green Fashion Tours, kommunalen Einrichtungen und Bildungsinstituten.In den letzten Jahren war sie Mitgestalterin des partizipative Kunstprojekt <em>STREETWARE saved item<\/em> und arbeitete in verschiedenen kulturellen und k\u00fcnstlerischen Projekten mit jungen Menschen aus unterschiedlichen Backgrounds. Der Austausch mit den neuen Generationen ist ihr wichtig, da auch eine indirekte und nachhaltige Gestaltung der Zukunft erm\u00f6glicht.[\/et_pb_text][\/et_pb_column][et_pb_column type=&#8220;1_2&#8243; _builder_version=&#8220;4.3.4&#8243;][et_pb_image src=&#8220;https:\/\/streetware-saved-item.net\/wp-content\/uploads\/2022\/12\/Lumpen-Peep-O-RamacJoachimGern1940.jpg&#8220; show_in_lightbox=&#8220;on&#8220; _builder_version=&#8220;4.3.4&#8243;][\/et_pb_image][\/et_pb_column][\/et_pb_row][et_pb_row column_structure=&#8220;1_2,1_2&#8243; _builder_version=&#8220;4.3.4&#8243;][et_pb_column type=&#8220;1_2&#8243; _builder_version=&#8220;4.3.4&#8243;][et_pb_text _builder_version=&#8220;4.3.4&#8243; custom_padding=&#8220;||0px|||&#8220;]<\/p>\n<h2>Kdindie<\/h2>\n<p>ist eine in Berlin lebende italienisch-polnische Performance-K\u00fcnstler:in. Dey kreiert K\u00f6rperarchitekturen an der Schnittstelle von Tanz, Theater und Kost\u00fcmdesign. Durch selbst geschaffene vision\u00e4re Charaktere regt dey die Vorstellungskraft der Menschen mit einem queeren, dekolonialen Ansatz an. Mit der kreativen Methode indiemotion f\u00f6rdert KDindie bewusste Bewegungspraktiken und schafft Br\u00fccken zwischen verschiedenen Gemeinschaften, um \u201ceinzigartig und vereint zu sein\u201c.<\/p>\n<p>&nbsp;[\/et_pb_text][\/et_pb_column][et_pb_column type=&#8220;1_2&#8243; _builder_version=&#8220;4.3.4&#8243;][et_pb_image src=&#8220;https:\/\/streetware-saved-item.net\/wp-content\/uploads\/2022\/12\/Lumpen-Peep-O-RamacJoachimGern1578.jpg&#8220; show_in_lightbox=&#8220;on&#8220; _builder_version=&#8220;4.3.4&#8243;][\/et_pb_image][\/et_pb_column][\/et_pb_row][et_pb_row column_structure=&#8220;1_2,1_2&#8243; _builder_version=&#8220;4.3.4&#8243;][et_pb_column type=&#8220;1_2&#8243; _builder_version=&#8220;4.3.4&#8243;][et_pb_image src=&#8220;https:\/\/streetware-saved-item.net\/wp-content\/uploads\/2022\/12\/Lumpen-Peep-O-RamacJoachimGern1507.jpg&#8220; show_in_lightbox=&#8220;on&#8220; _builder_version=&#8220;4.3.4&#8243;][\/et_pb_image][\/et_pb_column][et_pb_column type=&#8220;1_2&#8243; _builder_version=&#8220;4.3.4&#8243;][et_pb_text _builder_version=&#8220;4.3.4&#8243; custom_padding=&#8220;||0px|||&#8220;]<\/p>\n<h2>Jan Markowsky<\/h2>\n<p>war Ingenieur in der DDR, in Ost- und Westberlin. Kontakt zu Andersdenkenden durch Dissidenten in Jena nach Inhaftierung und nachfolgender Abschiebung seines Bruders Bernd nach Westberlin im Zusammenhang mit der Ausb\u00fcrgerung von Wolf Biermanns. Ausreise nach Berlin-West 1984. Diverse Jobs als Energieberater und Ingenieur f\u00fcr Haustechnik. Im Januar 2000 das B\u00fcro nach Streit mit dem Chef verlassen, danach die Wohnung:<br \/>\n\u201eAls flexibler und offener Mensch insgesamt gut mit dem Leben ohne Wohnung klargekommen. Habe Zeit gehabt, mich in Vorbereitung und Nachbereitung eines Essens f\u00fcr Obdachlose zu beteiligen, Theater zu spielen, Vortr\u00e4ge zu halten, in politischen Gremien mitzureden. Nach einigen Jahren regelm\u00e4\u00dfig Beitr\u00e4ge f\u00fcr das soziale Stra\u00dfenmagazin \u201estrassenfeger\u201c verfasst und sp\u00e4ter beim strassenfeger radio mitgewirkt. In der Zeit oft fotografiert und interviewt worden.<br \/>\nCredo: Ich habe nichts zu verbergen, ich kann mich zeigen\u201c[\/et_pb_text][\/et_pb_column][\/et_pb_row][et_pb_row column_structure=&#8220;1_2,1_2&#8243; _builder_version=&#8220;4.3.4&#8243;][et_pb_column type=&#8220;1_2&#8243; _builder_version=&#8220;4.3.4&#8243;][et_pb_text _builder_version=&#8220;4.3.4&#8243;]<\/p>\n<h2>Oksana Moskovchenko<\/h2>\n<p>\u201eGeboren und aufgewachsen in der Ukraine. Ich habe viel Zeit mit Menschen verbracht, da ich von Beruf Krankenschwester bin. Allerdings war ich oft in Kiew, wo die Treffen der ukrainischen Journalistenstiftung stattfanden, weil meine Mutter Journalistin ist und ich ihr bei ihrer Arbeit half. Ich liebe Kreativit\u00e4t und Kunst sowie das Lernen von Neuem, das Lernen von interessanten Menschen.<\/p>\n<p>Ich sch\u00e4tze Offenheit und Respekt f\u00fcr pers\u00f6nliche Grenzen bei Menschen.<\/p>\n<p>Jetzt lerne ich Deutsch, und ich lerne, in einem neuen Land zu leben und die dortige Mentalit\u00e4t zu verstehen. Ich bin wegen des Krieges, den Russland in meinem Land begonnen hat, nach Deutschland gegangen.<\/p>\n<p>Jetzt f\u00e4llt es mir schwer zu denken und zu planen, aber ich m\u00f6chte hier auf jeden Fall eine Arbeit finden, vielleicht nicht im medizinischen Bereich, denn ich bin offen f\u00fcr Neues, und ich m\u00f6chte denen helfen k\u00f6nnen, die in der Ukraine geblieben sind.\u201c[\/et_pb_text][\/et_pb_column][et_pb_column type=&#8220;1_2&#8243; _builder_version=&#8220;4.3.4&#8243;][et_pb_image src=&#8220;https:\/\/streetware-saved-item.net\/wp-content\/uploads\/2022\/12\/Lumpen-Peep-O-Rama-\u00a9Paolo-Gallo34.jpg&#8220; show_in_lightbox=&#8220;on&#8220; _builder_version=&#8220;4.3.4&#8243;][\/et_pb_image][\/et_pb_column][\/et_pb_row][et_pb_row column_structure=&#8220;1_2,1_2&#8243; _builder_version=&#8220;4.3.4&#8243;][et_pb_column type=&#8220;1_2&#8243; _builder_version=&#8220;4.3.4&#8243;][et_pb_image src=&#8220;https:\/\/streetware-saved-item.net\/wp-content\/uploads\/2022\/12\/Lumpen-Peep-O-Rama-\u00a9Paolo-Gallo-62.jpg&#8220; show_in_lightbox=&#8220;on&#8220; _builder_version=&#8220;4.3.4&#8243;][\/et_pb_image][\/et_pb_column][et_pb_column type=&#8220;1_2&#8243; _builder_version=&#8220;4.3.4&#8243;][et_pb_text _builder_version=&#8220;4.3.4&#8243;]<\/p>\n<h2>Lotti Seebeck<\/h2>\n<p>ist K\u00fcnstlerin und Kulturorganisatorin und entwickelt seit einigen Jahren in kollektiven Formationen Performances, die soziale Fragestellungen in die \u00d6ffentlichkeit tragen. Intervention und ortsspezifische Recherche sind immer ein wichtiger Teil ihrer Arbeiten. Sie ist Teil der Initiative Common Ground an der Universit\u00e4t der K\u00fcnste Berlin, die marginalisierten Kunstschaffenden einen akademischen Zugang zu den K\u00fcnsten verschafft und entwickelt eigene Projekte zu Community-Building, urbaner Transformation und Anti-Diskriminierung.[\/et_pb_text][\/et_pb_column][\/et_pb_row][et_pb_row column_structure=&#8220;1_2,1_2&#8243; _builder_version=&#8220;4.3.4&#8243;][et_pb_column type=&#8220;1_2&#8243; _builder_version=&#8220;4.3.4&#8243;][et_pb_text _builder_version=&#8220;4.3.4&#8243;]<\/p>\n<h2>Nazanin Shamloo<\/h2>\n<p>ist im Iran geboren und aufgewachsen. Im Dunstkreis der intellektuellen Familien von Ahmad Shamloo und dem Zeitungsinhaber Towfigh war ihre Biografie schon immer mit den politischen Ereignissen des Landes stark verwoben. Als Einzelkind der fr\u00fch geschiedenen Eltern hat sie ihre Schulzeit an den Deutschen Schulen in Teheran, Paris, Wien und Odenwald verbracht, um anschlie\u00dfend in Essen Medizin zu studieren und f\u00fchrt seit dem 34.Lebensjahr ihre Praxis f\u00fcr Psychotherapie in Essen. Sie hat fr\u00fch, mit 21 Jahren und sp\u00e4t, mit 40 Jahren drei Kinder bekommen. Sie tanzt und singt ihr ganzes Leben und die letzten 15 Jahre zunehmend intensiver und verfolgt diese leidenschaftlich in ihrer k\u00fcnstlerischen Heimat Berlin[\/et_pb_text][\/et_pb_column][et_pb_column type=&#8220;1_2&#8243; _builder_version=&#8220;4.3.4&#8243;][et_pb_image src=&#8220;https:\/\/streetware-saved-item.net\/wp-content\/uploads\/2022\/12\/Lumpen-Peep-O-RamacJoachimGern1652.jpg&#8220; show_in_lightbox=&#8220;on&#8220; _builder_version=&#8220;4.3.4&#8243;][\/et_pb_image][\/et_pb_column][\/et_pb_row][et_pb_row _builder_version=&#8220;4.3.4&#8243; custom_margin=&#8220;-30px|auto||auto||&#8220;][et_pb_column type=&#8220;4_4&#8243; _builder_version=&#8220;4.3.4&#8243;][\/et_pb_column][\/et_pb_row][et_pb_row _builder_version=&#8220;4.3.4&#8243;][et_pb_column type=&#8220;4_4&#8243; _builder_version=&#8220;4.3.4&#8243;][et_pb_gallery _builder_version=&#8220;4.3.4&#8243; gallery_ids=&#8220;7618,7632&#8243; fullwidth=&#8220;on&#8220; hover_enabled=&#8220;0&#8243; auto=&#8220;on&#8220; auto_speed=&#8220;5000&#8243;][\/et_pb_gallery][et_pb_blurb image_max_width=&#8220;60%&#8220; _builder_version=&#8220;4.3.4&#8243; header_font=&#8220;Source Sans Pro||||||||&#8220; body_font=&#8220;Source Sans Pro||||||||&#8220; body_text_color=&#8220;#474747&#8243; body_font_size=&#8220;17px&#8220; width=&#8220;60%&#8220; module_alignment=&#8220;center&#8220; custom_margin=&#8220;|||-3px||&#8220; custom_padding=&#8220;20px|16px|20px|0px||&#8220; border_width_all=&#8220;2px&#8220; border_color_all=&#8220;#474747&#8243; box_shadow_style=&#8220;preset1&#8243;]<\/p>\n<h3 style=\"text-align: center;\">Werde&nbsp; Influencer:in f\u00fcr eine tragbare Zukunft: Ecologize, decolonize and degender your Style!<\/h3>\n<p>[\/et_pb_blurb][et_pb_text _builder_version=&#8220;4.3.4&#8243;]<\/p>\n<p>Mit freundlicher Unterst\u00fctzung des Bezirksamtes Mitte, Berlin |\u00a0 im Rahmen der Ausstellung zum Recycling Designpreis. Besonderen Dank an <a href=\"http:\/\/sektorheimat.de\/\" target=\"_blank\" rel=\"noopener noreferrer\">Sektor-Heimat e.V<\/a>., Institut f\u00fcr urbane Gestaltung.<\/p>\n<p>[\/et_pb_text][\/et_pb_column][\/et_pb_row][\/et_pb_section]<\/p>\n","protected":false},"excerpt":{"rendered":"<p>[et_pb_section fb_built=&#8220;1&#8243; _builder_version=&#8220;4.3.4&#8243; background_color=&#8220;#edf000&#8243; min_height=&#8220;3101px&#8220; custom_margin=&#8220;|-12px||||&#8220; custom_padding=&#8220;||380px|||&#8220; da_disable_devices=&#8220;off|off|off&#8220; da_is_popup=&#8220;off&#8220; da_exit_intent=&#8220;off&#8220; da_has_close=&#8220;on&#8220; da_alt_close=&#8220;off&#8220; da_dark_close=&#8220;off&#8220; da_not_modal=&#8220;on&#8220; da_is_singular=&#8220;off&#8220; da_with_loader=&#8220;off&#8220; da_has_shadow=&#8220;on&#8220;][et_pb_row _builder_version=&#8220;4.3.4&#8243;][et_pb_column type=&#8220;4_4&#8243; _builder_version=&#8220;4.3.4&#8243;][et_pb_divider divider_weight=&#8220;1px&#8220; _builder_version=&#8220;4.3.4&#8243;][\/et_pb_divider][et_pb_post_title meta=&#8220;off&#8220; featured_image=&#8220;off&#8220; _builder_version=&#8220;4.3.4&#8243;][\/et_pb_post_title][et_pb_gallery gallery_ids=&#8220;7413,7414,7471,7472,7473,7474,7477,7475,7476&#8243; fullwidth=&#8220;on&#8220; _builder_version=&#8220;4.3.4&#8243; auto=&#8220;on&#8220; auto_speed=&#8220;5000&#8243;][\/et_pb_gallery][et_pb_text [&hellip;]<\/p>\n","protected":false},"author":2,"featured_media":7488,"comment_status":"open","ping_status":"open","sticky":false,"template":"","format":"standard","meta":{"_et_pb_use_builder":"on","_et_pb_old_content":"","_et_gb_content_width":"","footnotes":""},"categories":[11],"tags":[90,91],"class_list":["post-7407","post","type-post","status-publish","format-standard","has-post-thumbnail","hentry","category-hauptwaesche","tag-peep-o-rama","tag-peepshow"],"_links":{"self":[{"href":"https:\/\/streetware-saved-item.net\/en\/wp-json\/wp\/v2\/posts\/7407","targetHints":{"allow":["GET"]}}],"collection":[{"href":"https:\/\/streetware-saved-item.net\/en\/wp-json\/wp\/v2\/posts"}],"about":[{"href":"https:\/\/streetware-saved-item.net\/en\/wp-json\/wp\/v2\/types\/post"}],"author":[{"embeddable":true,"href":"https:\/\/streetware-saved-item.net\/en\/wp-json\/wp\/v2\/users\/2"}],"replies":[{"embeddable":true,"href":"https:\/\/streetware-saved-item.net\/en\/wp-json\/wp\/v2\/comments?post=7407"}],"version-history":[{"count":73,"href":"https:\/\/streetware-saved-item.net\/en\/wp-json\/wp\/v2\/posts\/7407\/revisions"}],"predecessor-version":[{"id":7633,"href":"https:\/\/streetware-saved-item.net\/en\/wp-json\/wp\/v2\/posts\/7407\/revisions\/7633"}],"wp:featuredmedia":[{"embeddable":true,"href":"https:\/\/streetware-saved-item.net\/en\/wp-json\/wp\/v2\/media\/7488"}],"wp:attachment":[{"href":"https:\/\/streetware-saved-item.net\/en\/wp-json\/wp\/v2\/media?parent=7407"}],"wp:term":[{"taxonomy":"category","embeddable":true,"href":"https:\/\/streetware-saved-item.net\/en\/wp-json\/wp\/v2\/categories?post=7407"},{"taxonomy":"post_tag","embeddable":true,"href":"https:\/\/streetware-saved-item.net\/en\/wp-json\/wp\/v2\/tags?post=7407"}],"curies":[{"name":"wp","href":"https:\/\/api.w.org\/{rel}","templated":true}]}}